[{"@context":"https:\/\/schema.org\/","@type":"Blog","@id":"https:\/\/www.bafr.cz#Blog","headline":"Bafr tech","description":"\nJsou-li lid\u00e9 odk\u00e1z\u00e1ni na ciz\u00ed pomoc nebo by se jim tato aspo\u0148 hodila, mohou ji hledat na internetu. A kdy\u017e ji hledaj\u00ed na tomto webu, dob\u0159e d\u011blaj\u00ed.","url":"https:\/\/www.bafr.cz","hasPart":[{"@type":"Article","@id":"https:\/\/www.bafr.cz\/bez-elektriny-se-neobejdeme\/","headline":"Bez elekt\u0159iny se neobejdeme","url":"https:\/\/www.bafr.cz\/bez-elektriny-se-neobejdeme\/","datePublished":"2026-03-05","dateModified":"2026-03-05","mainEntityOfPage":"https:\/\/www.bafr.cz\/bez-elektriny-se-neobejdeme\/","author":{"@type":"Person","@id":"https:\/\/www.bafr.cz\/author\/#Person","name":"","url":"https:\/\/www.bafr.cz\/author\/","identifier":1,"image":{"@type":"ImageObject","@id":"https:\/\/secure.gravatar.com\/avatar\/25a824e14ead2d36aba24b918221841350fb41cea98048e9b1929df8c4bf4bd8?s=96&d=mm&r=g","url":"https:\/\/secure.gravatar.com\/avatar\/25a824e14ead2d36aba24b918221841350fb41cea98048e9b1929df8c4bf4bd8?s=96&d=mm&r=g","height":96,"width":96}},"publisher":{"@type":"Organization","name":"bafr.cz","logo":{"@type":"ImageObject","@id":"\/logo.png","url":"\/logo.png","width":600,"height":60}},"image":{"@type":"ImageObject","@id":"https:\/\/www.bafr.cz\/wp-content\/uploads\/%C5%BE%C5%BE%C5%BE%C5%BE_10_10_10_3.jpg","url":"https:\/\/www.bafr.cz\/wp-content\/uploads\/%C5%BE%C5%BE%C5%BE%C5%BE_10_10_10_3.jpg","height":0,"width":0},"wordCount":646,"keywords":null},{"@type":"Article","@id":"https:\/\/www.bafr.cz\/koncert-vazni-hudby-v-praze-jako-zazitkovy-dar\/","headline":"Koncert v\u00e1\u017en\u00ed hudby v Praze jako z\u00e1\u017eitkov\u00fd dar","url":"https:\/\/www.bafr.cz\/koncert-vazni-hudby-v-praze-jako-zazitkovy-dar\/","datePublished":"2026-03-05","dateModified":"2026-03-05","mainEntityOfPage":"https:\/\/www.bafr.cz\/koncert-vazni-hudby-v-praze-jako-zazitkovy-dar\/","author":{"@type":"Person","@id":"https:\/\/www.bafr.cz\/author\/#Person","name":"","url":"https:\/\/www.bafr.cz\/author\/","identifier":1,"image":{"@type":"ImageObject","@id":"https:\/\/secure.gravatar.com\/avatar\/25a824e14ead2d36aba24b918221841350fb41cea98048e9b1929df8c4bf4bd8?s=96&d=mm&r=g","url":"https:\/\/secure.gravatar.com\/avatar\/25a824e14ead2d36aba24b918221841350fb41cea98048e9b1929df8c4bf4bd8?s=96&d=mm&r=g","height":96,"width":96}},"publisher":{"@type":"Organization","name":"bafr.cz","logo":{"@type":"ImageObject","@id":"\/logo.png","url":"\/logo.png","width":600,"height":60}},"image":{"@type":"ImageObject","@id":"https:\/\/www.bafr.cz\/wp-content\/uploads\/violin-7775182_640_5.jpg","url":"https:\/\/www.bafr.cz\/wp-content\/uploads\/violin-7775182_640_5.jpg","height":0,"width":0},"wordCount":600,"keywords":null},{"@type":"Article","@id":"https:\/\/www.bafr.cz\/montaz-novych-garazovych-vrat-do-garaze-v-rodinnem-dome\/","headline":"Mont\u00e1\u017e nov\u00fdch gar\u00e1\u017eov\u00fdch vrat do gar\u00e1\u017ee v rodinn\u00e9m dom\u011b","url":"https:\/\/www.bafr.cz\/montaz-novych-garazovych-vrat-do-garaze-v-rodinnem-dome\/","datePublished":"2026-03-05","dateModified":"2026-03-05","mainEntityOfPage":"https:\/\/www.bafr.cz\/montaz-novych-garazovych-vrat-do-garaze-v-rodinnem-dome\/","author":{"@type":"Person","@id":"https:\/\/www.bafr.cz\/author\/#Person","name":"","url":"https:\/\/www.bafr.cz\/author\/","identifier":1,"image":{"@type":"ImageObject","@id":"https:\/\/secure.gravatar.com\/avatar\/25a824e14ead2d36aba24b918221841350fb41cea98048e9b1929df8c4bf4bd8?s=96&d=mm&r=g","url":"https:\/\/secure.gravatar.com\/avatar\/25a824e14ead2d36aba24b918221841350fb41cea98048e9b1929df8c4bf4bd8?s=96&d=mm&r=g","height":96,"width":96}},"publisher":{"@type":"Organization","name":"bafr.cz","logo":{"@type":"ImageObject","@id":"\/logo.png","url":"\/logo.png","width":600,"height":60}},"image":{"@type":"ImageObject","@id":"https:\/\/www.bafr.cz\/wp-content\/uploads\/duanesellsjackson-brick-home-2963568_640_4.jpg","url":"https:\/\/www.bafr.cz\/wp-content\/uploads\/duanesellsjackson-brick-home-2963568_640_4.jpg","height":0,"width":0},"wordCount":534,"keywords":null},{"@type":"Article","@id":"https:\/\/www.bafr.cz\/kde-si-pujcit-penize\/","headline":"Kde si p\u016fj\u010dit pen\u00edze?","url":"https:\/\/www.bafr.cz\/kde-si-pujcit-penize\/","datePublished":"2026-03-04","dateModified":"2026-03-04","mainEntityOfPage":"https:\/\/www.bafr.cz\/kde-si-pujcit-penize\/","author":{"@type":"Person","@id":"https:\/\/www.bafr.cz\/author\/#Person","name":"","url":"https:\/\/www.bafr.cz\/author\/","identifier":1,"image":{"@type":"ImageObject","@id":"https:\/\/secure.gravatar.com\/avatar\/25a824e14ead2d36aba24b918221841350fb41cea98048e9b1929df8c4bf4bd8?s=96&d=mm&r=g","url":"https:\/\/secure.gravatar.com\/avatar\/25a824e14ead2d36aba24b918221841350fb41cea98048e9b1929df8c4bf4bd8?s=96&d=mm&r=g","height":96,"width":96}},"publisher":{"@type":"Organization","name":"bafr.cz","logo":{"@type":"ImageObject","@id":"\/logo.png","url":"\/logo.png","width":600,"height":60}},"image":{"@type":"ImageObject","@id":"https:\/\/www.bafr.cz\/wp-content\/uploads\/ppppppppppppppppppppppppppppppppppppppppppppppppppppppppppppppppppppppppppppppppppppppppppppppppppppppppppppppppppppppppppppppppppppppppppp.jpg","url":"https:\/\/www.bafr.cz\/wp-content\/uploads\/ppppppppppppppppppppppppppppppppppppppppppppppppppppppppppppppppppppppppppppppppppppppppppppppppppppppppppppppppppppppppppppppppppppppppppp.jpg","height":0,"width":0},"wordCount":659,"keywords":null},{"@type":"Article","@id":"https:\/\/www.bafr.cz\/co-znamena-ze-usb-kabel-iphone-telefon-nabije-i-synchronizuje\/","headline":"Co znamen\u00e1, \u017ee USB kabel iPhone telefon nabije i synchronizuje","url":"https:\/\/www.bafr.cz\/co-znamena-ze-usb-kabel-iphone-telefon-nabije-i-synchronizuje\/","datePublished":"2026-03-04","dateModified":"2026-03-04","mainEntityOfPage":"https:\/\/www.bafr.cz\/co-znamena-ze-usb-kabel-iphone-telefon-nabije-i-synchronizuje\/","author":{"@type":"Person","@id":"https:\/\/www.bafr.cz\/author\/#Person","name":"","url":"https:\/\/www.bafr.cz\/author\/","identifier":1,"image":{"@type":"ImageObject","@id":"https:\/\/secure.gravatar.com\/avatar\/25a824e14ead2d36aba24b918221841350fb41cea98048e9b1929df8c4bf4bd8?s=96&d=mm&r=g","url":"https:\/\/secure.gravatar.com\/avatar\/25a824e14ead2d36aba24b918221841350fb41cea98048e9b1929df8c4bf4bd8?s=96&d=mm&r=g","height":96,"width":96}},"publisher":{"@type":"Organization","name":"bafr.cz","logo":{"@type":"ImageObject","@id":"\/logo.png","url":"\/logo.png","width":600,"height":60}},"image":{"@type":"ImageObject","@id":"https:\/\/www.bafr.cz\/wp-content\/uploads\/mobil5_10_10_6.jpg","url":"https:\/\/www.bafr.cz\/wp-content\/uploads\/mobil5_10_10_6.jpg","height":0,"width":0},"wordCount":585,"keywords":null},{"@type":"Article","@id":"https:\/\/www.bafr.cz\/chcete-si-koupit-byt\/","headline":"Chcete si koupit byt?","url":"https:\/\/www.bafr.cz\/chcete-si-koupit-byt\/","datePublished":"2026-03-03","dateModified":"2026-03-03","mainEntityOfPage":"https:\/\/www.bafr.cz\/chcete-si-koupit-byt\/","author":{"@type":"Person","@id":"https:\/\/www.bafr.cz\/author\/#Person","name":"","url":"https:\/\/www.bafr.cz\/author\/","identifier":1,"image":{"@type":"ImageObject","@id":"https:\/\/secure.gravatar.com\/avatar\/25a824e14ead2d36aba24b918221841350fb41cea98048e9b1929df8c4bf4bd8?s=96&d=mm&r=g","url":"https:\/\/secure.gravatar.com\/avatar\/25a824e14ead2d36aba24b918221841350fb41cea98048e9b1929df8c4bf4bd8?s=96&d=mm&r=g","height":96,"width":96}},"publisher":{"@type":"Organization","name":"bafr.cz","logo":{"@type":"ImageObject","@id":"\/logo.png","url":"\/logo.png","width":600,"height":60}},"image":{"@type":"ImageObject","@id":"https:\/\/www.bafr.cz\/wp-content\/uploads\/pppp_10_10_10_10_10_10_10_10_9.jpg","url":"https:\/\/www.bafr.cz\/wp-content\/uploads\/pppp_10_10_10_10_10_10_10_10_9.jpg","height":0,"width":0},"wordCount":644,"keywords":null},{"@type":"Article","@id":"https:\/\/www.bafr.cz\/nova-plastova-okna-do-bytu-v-hradci-kralove\/","headline":"Nov\u00e1 plastov\u00e1 okna do bytu v Hradci Kr\u00e1lov\u00e9","url":"https:\/\/www.bafr.cz\/nova-plastova-okna-do-bytu-v-hradci-kralove\/","datePublished":"2026-03-03","dateModified":"2026-03-03","mainEntityOfPage":"https:\/\/www.bafr.cz\/nova-plastova-okna-do-bytu-v-hradci-kralove\/","author":{"@type":"Person","@id":"https:\/\/www.bafr.cz\/author\/#Person","name":"","url":"https:\/\/www.bafr.cz\/author\/","identifier":1,"image":{"@type":"ImageObject","@id":"https:\/\/secure.gravatar.com\/avatar\/25a824e14ead2d36aba24b918221841350fb41cea98048e9b1929df8c4bf4bd8?s=96&d=mm&r=g","url":"https:\/\/secure.gravatar.com\/avatar\/25a824e14ead2d36aba24b918221841350fb41cea98048e9b1929df8c4bf4bd8?s=96&d=mm&r=g","height":96,"width":96}},"publisher":{"@type":"Organization","name":"bafr.cz","logo":{"@type":"ImageObject","@id":"\/logo.png","url":"\/logo.png","width":600,"height":60}},"image":{"@type":"ImageObject","@id":"https:\/\/www.bafr.cz\/wp-content\/uploads\/pexels-chairs-2181916_640_6.jpg","url":"https:\/\/www.bafr.cz\/wp-content\/uploads\/pexels-chairs-2181916_640_6.jpg","height":0,"width":0},"wordCount":532,"keywords":null},{"@type":"Article","@id":"https:\/\/www.bafr.cz\/pletivovy-plot-bych-na-sve-zahrade-uvital\/","headline":"Pletivov\u00fd plot bych na sv\u00e9 zahrad\u011b uv\u00edtal","url":"https:\/\/www.bafr.cz\/pletivovy-plot-bych-na-sve-zahrade-uvital\/","datePublished":"2026-03-02","dateModified":"2026-03-02","mainEntityOfPage":"https:\/\/www.bafr.cz\/pletivovy-plot-bych-na-sve-zahrade-uvital\/","author":{"@type":"Person","@id":"https:\/\/www.bafr.cz\/author\/#Person","name":"","url":"https:\/\/www.bafr.cz\/author\/","identifier":1,"image":{"@type":"ImageObject","@id":"https:\/\/secure.gravatar.com\/avatar\/25a824e14ead2d36aba24b918221841350fb41cea98048e9b1929df8c4bf4bd8?s=96&d=mm&r=g","url":"https:\/\/secure.gravatar.com\/avatar\/25a824e14ead2d36aba24b918221841350fb41cea98048e9b1929df8c4bf4bd8?s=96&d=mm&r=g","height":96,"width":96}},"publisher":{"@type":"Organization","name":"bafr.cz","logo":{"@type":"ImageObject","@id":"\/logo.png","url":"\/logo.png","width":600,"height":60}},"image":{"@type":"ImageObject","@id":"https:\/\/www.bafr.cz\/wp-content\/uploads\/wire-mesh-fence-260043_640_10.jpg","url":"https:\/\/www.bafr.cz\/wp-content\/uploads\/wire-mesh-fence-260043_640_10.jpg","height":0,"width":0},"wordCount":622,"keywords":null},{"@type":"Article","@id":"https:\/\/www.bafr.cz\/pokud-chcete-prozit-klidne-vanoce-vyrazte-na-nakupy-jiz-nyni\/","headline":"Pokud chcete pro\u017e\u00edt klidn\u00e9 V\u00e1noce, vyrazte na n\u00e1kupy ji\u017e nyn\u00ed","url":"https:\/\/www.bafr.cz\/pokud-chcete-prozit-klidne-vanoce-vyrazte-na-nakupy-jiz-nyni\/","datePublished":"2026-03-02","dateModified":"2026-03-02","mainEntityOfPage":"https:\/\/www.bafr.cz\/pokud-chcete-prozit-klidne-vanoce-vyrazte-na-nakupy-jiz-nyni\/","author":{"@type":"Person","@id":"https:\/\/www.bafr.cz\/author\/#Person","name":"","url":"https:\/\/www.bafr.cz\/author\/","identifier":1,"image":{"@type":"ImageObject","@id":"https:\/\/secure.gravatar.com\/avatar\/25a824e14ead2d36aba24b918221841350fb41cea98048e9b1929df8c4bf4bd8?s=96&d=mm&r=g","url":"https:\/\/secure.gravatar.com\/avatar\/25a824e14ead2d36aba24b918221841350fb41cea98048e9b1929df8c4bf4bd8?s=96&d=mm&r=g","height":96,"width":96}},"publisher":{"@type":"Organization","name":"bafr.cz","logo":{"@type":"ImageObject","@id":"\/logo.png","url":"\/logo.png","width":600,"height":60}},"image":{"@type":"ImageObject","@id":"https:\/\/www.bafr.cz\/wp-content\/uploads\/img_a329804_w2693_t1542366812.jpg","url":"https:\/\/www.bafr.cz\/wp-content\/uploads\/img_a329804_w2693_t1542366812.jpg","height":0,"width":0},"wordCount":583,"keywords":null},{"@type":"Article","@id":"https:\/\/www.bafr.cz\/financni-gramotnost-pro-zacatecniky\/","headline":"Finan\u010dn\u00ed gramotnost pro za\u010d\u00e1te\u010dn\u00edky","url":"https:\/\/www.bafr.cz\/financni-gramotnost-pro-zacatecniky\/","datePublished":"2026-03-01","dateModified":"2026-03-01","mainEntityOfPage":"https:\/\/www.bafr.cz\/financni-gramotnost-pro-zacatecniky\/","author":{"@type":"Person","@id":"https:\/\/www.bafr.cz\/author\/#Person","name":"","url":"https:\/\/www.bafr.cz\/author\/","identifier":1,"image":{"@type":"ImageObject","@id":"https:\/\/secure.gravatar.com\/avatar\/25a824e14ead2d36aba24b918221841350fb41cea98048e9b1929df8c4bf4bd8?s=96&d=mm&r=g","url":"https:\/\/secure.gravatar.com\/avatar\/25a824e14ead2d36aba24b918221841350fb41cea98048e9b1929df8c4bf4bd8?s=96&d=mm&r=g","height":96,"width":96}},"publisher":{"@type":"Organization","name":"bafr.cz","logo":{"@type":"ImageObject","@id":"\/logo.png","url":"\/logo.png","width":600,"height":60}},"image":{"@type":"ImageObject","@id":"https:\/\/www.bafr.cz\/wp-content\/uploads\/img_a305251_w2099_t1516738968.jpg","url":"https:\/\/www.bafr.cz\/wp-content\/uploads\/img_a305251_w2099_t1516738968.jpg","height":0,"width":0},"wordCount":603,"keywords":null}]},{"@context":"https:\/\/schema.org","@type":"WebSite","@id":"https:\/\/www.bafr.cz\/#website","name":"Bafr tech","url":"https:\/\/www.bafr.cz","potentialAction":{"@type":"SearchAction","target":"https:\/\/www.bafr.cz\/?s={search_term_string}","query-input":"required name=search_term_string"}}]